{"id":61,"date":"2016-01-01T14:16:07","date_gmt":"2016-01-01T12:16:07","guid":{"rendered":"http:\/\/cntei.ifua.info\/?p=61"},"modified":"2016-01-01T14:17:44","modified_gmt":"2016-01-01T12:17:44","slug":"ix-forum-yevropa-ukrayina-lodz-24-26-sichnya-2016","status":"publish","type":"post","link":"https:\/\/cntei.org\/?p=61","title":{"rendered":"IX \u0444\u043e\u0440\u0443\u043c \u0404\u0432\u0440\u043e\u043f\u0430 &#8211; \u0423\u043a\u0440\u0430\u0457\u043d\u0430, \u0141\u00f3d\u017a, 24-26 \u0441\u0456\u0447\u043d\u044f 2016"},"content":{"rendered":"<p>\n\t<strong><span style=\"font-size:18px;\"><span style=\"font-family:comic sans ms,cursive;\">The strategy of reform and modernization &#8211; or a breakthrough?<\/span><\/span><\/strong>\n<\/p>\n<p>\n\t<span style=\"font-size:18px;\"><span style=\"font-family:comic sans ms,cursive;\">In recent years Ukraine experienced the deepest crisis in its history. Affected by the loss of territories, the war, the degradation of the economy, growing social inequalities and conflicts, once again the effort of reform and modernization. It confirmed the European choice, made the choice of strategies and partners with errors from previous years draws conclusions.<\/span><\/span>\n<\/p>\n<p>\n\t<span style=\"font-size:18px;\"><span style=\"font-family:comic sans ms,cursive;\"><!--more--><\/span><\/span>\n<\/p>\n<p>\n\t<span style=\"font-size:18px;\"><span style=\"font-family:comic sans ms,cursive;\"><a href=\"http:\/\/cntei.ifua.info\/wp-content\/uploads\/2016\/01\/eukr700.jpg\"><img loading=\"lazy\" alt=\"eukr700\" class=\"alignnone size-medium wp-image-62\" height=\"127\" src=\"http:\/\/cntei.ifua.info\/wp-content\/uploads\/2016\/01\/eukr700-300x127.jpg\" width=\"300\" srcset=\"https:\/\/cntei.org\/wp-content\/uploads\/2016\/01\/eukr700-300x127.jpg 300w, https:\/\/cntei.org\/wp-content\/uploads\/2016\/01\/eukr700.jpg 700w\" sizes=\"(max-width: 300px) 100vw, 300px\" \/><\/a>&nbsp;<\/span><\/span>\n<\/p>\n<p>\n\t<span style=\"font-size:18px;\"><span style=\"font-family:comic sans ms,cursive;\">But can we speak of a breakthrough? The conflict is still ongoing, political divisions did not decrease. There is a growing social discontent and the threat of populism. The economy is not stable, and reforms are in the early stages and it is difficult to talk about their effects.<\/span><\/span>\n<\/p>\n<p>\n\t<span style=\"font-size:18px;\"><span style=\"font-family:comic sans ms,cursive;\">Debates forum Europe-Ukraine in 2016 will focus on key issues of modernization and development of the economic potential of Ukraine, energy security, comprehensive use of its natural resources, the possibilities regions and cooperation with partners from Polish and other European countries. The subject of reports, panel discussions and presentations Forum will be the pace of reform in Ukraine in the context of the opportunities arising from the association of Ukraine with the European Union. Considered to be determinants of decentralization of the state, building a modern local government and civil society. They will also be dealt with security issues of Ukraine in a European and global relations.<\/span><\/span>\n<\/p>\n<p>\n\t<span style=\"font-size:18px;\"><span style=\"font-family:comic sans ms,cursive;\">The main points of the program:<\/span><\/span>\n<\/p>\n<p>\n\t<span style=\"font-size:18px;\"><span style=\"font-family:comic sans ms,cursive;\">Three days of debates and meetings<br \/>\n\tPresentation of the Report of the Chief:<br \/>\n\tPlenary sessions: the key decision-makers will talk about economic and political cooperation of Ukraine and the European Union in the new conditions<br \/>\n\t30 panel discussions on a wide range of economic, social and political<br \/>\n\t8 presentation circuits, some sectors of the economy and other<br \/>\n\t2 dinners: the possibility of personal contact with guests Forum<br \/>\n\t500 participants from Ukraine, the EU, Russia, neighboring countries and the USA, among them representatives of governments, politics, business, governments, international organizations and think tanks. Meetings with key figures from the European Commission and the European Parliament, members of governments, parliamentarians, representatives of international organizations, diplomats and managers of major companies and experts.<\/span><\/span>\n<\/p>\n<p>\n\t<span style=\"font-size:18px;\"><span style=\"font-family:comic sans ms,cursive;\">Place:<\/span><\/span>\n<\/p>\n<p>\n\t<span style=\"font-size:18px;\"><span style=\"font-family:comic sans ms,cursive;\">Andel&#39;s Hotel \u0141&oacute;d\u017a ****, ul. Ogrodowa 17, 91-065 Lodz<\/span><\/span><\/p>\n","protected":false},"excerpt":{"rendered":"<p>The strategy of reform and modernization &#8211; or a breakthrough? In recent years Ukraine experienced the deepest crisis in its history. Affected by the loss of territories, the war, the degradation of the economy, growing social inequalities and conflicts, once again the effort of reform and modernization. It confirmed the European choice, made the choice [&hellip;]<\/p>\n","protected":false},"author":3,"featured_media":0,"comment_status":"closed","ping_status":"closed","sticky":false,"template":"","format":"standard","meta":{"ngg_post_thumbnail":0},"categories":[1],"tags":[],"_links":{"self":[{"href":"https:\/\/cntei.org\/index.php?rest_route=\/wp\/v2\/posts\/61"}],"collection":[{"href":"https:\/\/cntei.org\/index.php?rest_route=\/wp\/v2\/posts"}],"about":[{"href":"https:\/\/cntei.org\/index.php?rest_route=\/wp\/v2\/types\/post"}],"author":[{"embeddable":true,"href":"https:\/\/cntei.org\/index.php?rest_route=\/wp\/v2\/users\/3"}],"replies":[{"embeddable":true,"href":"https:\/\/cntei.org\/index.php?rest_route=%2Fwp%2Fv2%2Fcomments&post=61"}],"version-history":[{"count":2,"href":"https:\/\/cntei.org\/index.php?rest_route=\/wp\/v2\/posts\/61\/revisions"}],"predecessor-version":[{"id":64,"href":"https:\/\/cntei.org\/index.php?rest_route=\/wp\/v2\/posts\/61\/revisions\/64"}],"wp:attachment":[{"href":"https:\/\/cntei.org\/index.php?rest_route=%2Fwp%2Fv2%2Fmedia&parent=61"}],"wp:term":[{"taxonomy":"category","embeddable":true,"href":"https:\/\/cntei.org\/index.php?rest_route=%2Fwp%2Fv2%2Fcategories&post=61"},{"taxonomy":"post_tag","embeddable":true,"href":"https:\/\/cntei.org\/index.php?rest_route=%2Fwp%2Fv2%2Ftags&post=61"}],"curies":[{"name":"wp","href":"https:\/\/api.w.org\/{rel}","templated":true}]}}